{"id":61,"global_id":"jpmcomon.info\/unan56?id=61","global_id_lineage":["jpmcomon.info\/unan56?id=61"],"author":"1","status":"publish","date":"2024-01-23 18:03:37","date_utc":"2024-01-23 18:03:37","modified":"2024-01-23 18:03:37","modified_utc":"2024-01-23 18:03:37","url":"https:\/\/jpmcomon.info\/unan56\/?tribe_events=conference-facteur-maignan-tour-du-monde-appv","rest_url":"https:\/\/jpmcomon.info\/unan56\/index.php?rest_route=\/tribe\/events\/v1\/events\/61","title":"Conf\u00e9rence facteur Maignan (Tour du monde) APPV","description":"<h4 class=\"card-title\">Conf\u00e9rence facteur Maignan (Tour du monde) APPV<\/h4>\n<p><img decoding=\"async\" class=\"float-left d-inline-block mr-2\" src=\"https:\/\/www.unan56.bzh\/photos\/liste\/image-non-disponible-maisonsdominiquecharles.jpg\" alt=\"\" \/><\/p>\n<p class=\"card-text\">Le 09 f\u00e9vrier 2024<br \/>\nLieu : MAV, Vannes, 17h<br \/>\nParticipants : public<\/p>","excerpt":"","slug":"conference-facteur-maignan-tour-du-monde-appv","image":false,"all_day":false,"start_date":"2024-02-09 08:00:00","start_date_details":{"year":"2024","month":"02","day":"09","hour":"08","minutes":"00","seconds":"00"},"end_date":"2024-02-09 17:00:00","end_date_details":{"year":"2024","month":"02","day":"09","hour":"17","minutes":"00","seconds":"00"},"utc_start_date":"2024-02-09 08:00:00","utc_start_date_details":{"year":"2024","month":"02","day":"09","hour":"08","minutes":"00","seconds":"00"},"utc_end_date":"2024-02-09 17:00:00","utc_end_date_details":{"year":"2024","month":"02","day":"09","hour":"17","minutes":"00","seconds":"00"},"timezone":"UTC+0","timezone_abbr":"UTC+0","cost":"","cost_details":{"currency_symbol":"","currency_code":"","currency_position":"prefix","values":[]},"website":"","show_map":true,"show_map_link":true,"hide_from_listings":false,"sticky":false,"featured":false,"categories":[],"tags":[],"venue":[],"organizer":[],"custom_fields":[],"json_ld":{"@context":"http:\/\/schema.org","@type":"Event","name":"Conf\u00e9rence facteur Maignan (Tour du monde) APPV","description":"&lt;p&gt;Conf\u00e9rence facteur Maignan (Tour du monde) APPV Le 09 f\u00e9vrier 2024 Lieu : MAV, Vannes, 17h Participants : public&lt;\/p&gt;\\n","url":"https:\/\/jpmcomon.info\/unan56\/?tribe_events=conference-facteur-maignan-tour-du-monde-appv","eventAttendanceMode":"https:\/\/schema.org\/OfflineEventAttendanceMode","eventStatus":"https:\/\/schema.org\/EventScheduled","startDate":"2024-02-09T08:00:00+00:00","endDate":"2024-02-09T17:00:00+00:00","performer":"Organization"}}